{"id":99,"date":"2020-01-04T23:27:53","date_gmt":"2020-01-05T04:27:53","guid":{"rendered":"http:\/\/localhost\/blog\/?p=99"},"modified":"2024-07-08T22:08:54","modified_gmt":"2024-07-09T03:08:54","slug":"fallece-reconocido-investigador-liberteno-cristobal-campana","status":"publish","type":"post","link":"https:\/\/intiyana.org\/blog\/2020\/01\/04\/fallece-reconocido-investigador-liberteno-cristobal-campana\/","title":{"rendered":"FALLECE RECONOCIDO INVESTIGADOR LIBERTE\u00d1O CRIST\u00d3BAL CAMPANA"},"content":{"rendered":"\n<p>Crist\u00f3bal Campana Delgado, reconocido acad\u00e9mico, investigador y arque\u00f3logo, dej\u00f3 de existir esta madrugada en Lima a la edad de 81 a\u00f1os de edad. Dedic\u00f3 su vida a la cultura y a difundir sus conocimientos en arqueolog\u00eda plasmados en una serie de libros y conferencias magistrales.<\/p>\n\n\n\n<p>Naci\u00f3 en Santiago de Chuco el 26 de julio de 1938. Entre sus t\u00edtulos y grados destacan el de profesor de Historia y Geograf\u00eda, con maestr\u00eda en Ecolog\u00eda Andina con la tesis \u201cLos Huachaques: cultivos en ecosistemas \u00e1ridos\u201d, hizo estudios de post grado en Puerto Rico y EE.UU; fue director de la Escuela Regional de Arte Dram\u00e1tico de Trujillo, director del Centro de Investigaci\u00f3n y Restauraci\u00f3n del Patrimonio Cultural en el Per\u00fa; compositor de m\u00e1s de 100 canciones y escribi\u00f3 m\u00e1s de 15 libros donde reflej\u00f3 lo mejor de la cultura y el patrimonio cultural de la naci\u00f3n. Su \u00faltima obra fue Iconograf\u00eda del Pensamiento Andino.<\/p>\n\n\n\n<p>Campana Delgado se desempe\u00f1\u00f3 en m\u00faltiples cargos en entidades dedicadas a la gesti\u00f3n cultural, siendo dos veces director del Instituto Nacional de Cultura en La Libertad y Director de la Escuela de Arte Dram\u00e1tico de Trujillo. Asimismo, fue Director del Complejo Arqueol\u00f3gico de Chan Chan, siendo diputado del Congreso de la Rep\u00fablica fue autor de la Ley del Colegio de Arque\u00f3logos del Per\u00fa y coautor del Primer C\u00f3digo del Medio Ambiente del Per\u00fa, en su etapa como presidente de la Comisi\u00f3n Nacional de Ecolog\u00eda y Recursos Naturales.<\/p>\n\n\n\n<p>En el campo acad\u00e9mico hizo una Maestr\u00eda en Ecolog\u00eda Andina en la Universidad Garcilaso, as\u00ed como curs\u00f3 estudios de posgrado en diversos pa\u00edses (Chile, Argentina y Puerto Rico), tuvo una destacada trayectoria en docencia universitaria y ha publicado m\u00faltiples libros y trabajos de investigaci\u00f3n sobre arqueolog\u00eda, historia del Per\u00fa, historia del arte, ecolog\u00eda y otros \u00e1mbitos.<\/p>\n\n\n\n<p>Hace dos a\u00f1os en la Municipalidad Provincial de Trujillo lo declarado Hijo Predilecto de la ciudad de Trujillo y recibi\u00f3 de manos del alcalde las llaves de la ciudad por su trayectoria como profesional.<\/p>\n\n\n\n<p>El velatorio del maestro Crist\u00f3bal Campana se realiz\u00f3 en la Iglesia Virgen de F\u00e1tima, luego se le rendir\u00e1 un merecido homenaje en el local del Ministerio de Cultura de Trujillo. Luego sus cenizas ser\u00e1n depositadas en el r\u00edo Moche.<\/p>\n\n\n\n<p>Enlace a canal de youtube de Crist\u00f3bal Campana con diversos trabajos sobre simbolog\u00eda e iconograf\u00eda en el Alto de las Guitarras<\/p>\n\n\n\n<p><a href=\"https:\/\/www.youtube.com\/channel\/UCoPwtxXpdAyVLaXRyd4oMBA\">https:\/\/www.youtube.com\/channel\/UCoPwtxXpdAyVLaXRyd4oMBA<\/a><\/p>\n\n\n\n<figure class=\"wp-block-image aligncenter size-full\"><img loading=\"lazy\" decoding=\"async\" width=\"436\" height=\"273\" src=\"https:\/\/intiyana.org\/blog\/wp-content\/uploads\/2024\/07\/campana2.jpg\" alt=\"\" class=\"wp-image-159\"\/><\/figure>\n","protected":false},"excerpt":{"rendered":"<p>Crist\u00f3bal Campana Delgado, reconocido acad\u00e9mico, investigador y arque\u00f3logo, dej\u00f3 de existir esta madrugada en Lima a la edad de 81 a\u00f1os de edad. Dedic\u00f3 su vida a la cultura y a difundir sus conocimientos en arqueolog\u00eda plasmados en una serie de libros y conferencias magistrales. Naci\u00f3 en Santiago de Chuco el 26 de julio de [&hellip;]<\/p>\n","protected":false},"author":1,"featured_media":159,"comment_status":"closed","ping_status":"closed","sticky":false,"template":"","format":"standard","meta":{"site-container-style":"default","site-container-layout":"default","site-sidebar-layout":"default","disable-article-header":"default","disable-site-header":"default","disable-site-footer":"default","disable-content-area-spacing":"default","footnotes":""},"categories":[5],"tags":[],"class_list":["post-99","post","type-post","status-publish","format-standard","has-post-thumbnail","hentry","category-noticias"],"_links":{"self":[{"href":"https:\/\/intiyana.org\/blog\/wp-json\/wp\/v2\/posts\/99","targetHints":{"allow":["GET"]}}],"collection":[{"href":"https:\/\/intiyana.org\/blog\/wp-json\/wp\/v2\/posts"}],"about":[{"href":"https:\/\/intiyana.org\/blog\/wp-json\/wp\/v2\/types\/post"}],"author":[{"embeddable":true,"href":"https:\/\/intiyana.org\/blog\/wp-json\/wp\/v2\/users\/1"}],"replies":[{"embeddable":true,"href":"https:\/\/intiyana.org\/blog\/wp-json\/wp\/v2\/comments?post=99"}],"version-history":[{"count":2,"href":"https:\/\/intiyana.org\/blog\/wp-json\/wp\/v2\/posts\/99\/revisions"}],"predecessor-version":[{"id":160,"href":"https:\/\/intiyana.org\/blog\/wp-json\/wp\/v2\/posts\/99\/revisions\/160"}],"wp:featuredmedia":[{"embeddable":true,"href":"https:\/\/intiyana.org\/blog\/wp-json\/wp\/v2\/media\/159"}],"wp:attachment":[{"href":"https:\/\/intiyana.org\/blog\/wp-json\/wp\/v2\/media?parent=99"}],"wp:term":[{"taxonomy":"category","embeddable":true,"href":"https:\/\/intiyana.org\/blog\/wp-json\/wp\/v2\/categories?post=99"},{"taxonomy":"post_tag","embeddable":true,"href":"https:\/\/intiyana.org\/blog\/wp-json\/wp\/v2\/tags?post=99"}],"curies":[{"name":"wp","href":"https:\/\/api.w.org\/{rel}","templated":true}]}}