{"id":85,"date":"2015-02-21T23:13:02","date_gmt":"2015-02-22T04:13:02","guid":{"rendered":"http:\/\/localhost\/blog\/?p=85"},"modified":"2024-07-08T22:14:08","modified_gmt":"2024-07-09T03:14:08","slug":"crearan-unidad-ejecutora-en-ayacucho-para-realizar-trabajos-de-investigacion-en-sitio-arqueologico-wari","status":"publish","type":"post","link":"https:\/\/intiyana.org\/blog\/2015\/02\/21\/crearan-unidad-ejecutora-en-ayacucho-para-realizar-trabajos-de-investigacion-en-sitio-arqueologico-wari\/","title":{"rendered":"CREAR\u00c1N UNIDAD EJECUTORA EN AYACUCHO PARA REALIZAR TRABAJOS DE INVESTIGACI\u00d3N EN SITIO ARQUEOL\u00d3GICO WARI"},"content":{"rendered":"\n<p>Mediante alianza entre el Gobierno Central del Per\u00fa, el Gobierno Regional de Ayacucho y la Universidad Nacional de San Crist\u00f3bal de Huamanga, crear\u00e1n unidad ejecutora para realizar trabajos de investigaci\u00f3n en sitio arqueol\u00f3gico Wari. El Viceministro de Cultura, Luis Jaime Castillo Butters, en compa\u00f1\u00eda del presidente regional de Ayacucho, Wilfredo Oscorima N\u00fa\u00f1ez y el congresista Jos\u00e9 Urquizo, supervisaron la ejecuci\u00f3n del proyecto: \u201cMejoramiento de la Conservaci\u00f3n del Sitio Arqueol\u00f3gico Wari\u201d y anunci\u00f3 que a trav\u00e9s de una alianza estrat\u00e9gica entre el Gobierno Central, Gobierno Regional (GRA) y la Universidad Nacional San Crist\u00f3bal de Huamanga (UNSCH), pr\u00f3ximamente se crear\u00e1 una unidad ejecutora que permita realizar trabajos permanentes en la zona durante por lo menos 25 a\u00f1os.&nbsp;<\/p>\n\n\n\n<p>El Viceministro se\u00f1al\u00f3 que se enfocar\u00e1n a la creaci\u00f3n de una Unidad Ejecutora Ayacucho que comprender\u00e1 varios Proyectos Especiales, entre ellos Wari, Vilcashuam\u00e1n y otras zonas de importancia tur\u00edstica para seguir apostando por la investigaci\u00f3n y su Puesta en Valor por la importancia que estos estudios est\u00e1n aportando a la comprensi\u00f3n de nuestra historia: \u201cMuchos de estos espacios, que pensamos que simplemente eran rituales, en realidad eran funerarios, un lugar en el que probablemente los \u00e9lites waris enterraban con pr\u00e1cticas muy complejas que son ademas muy diferentes entre s\u00ed. Aqu\u00ed (Wari) tenemos una galer\u00eda con estructuras tubulares, muy semejantes a los que se encontraron hace poco en Vilcabamba\u201d. Se trata de un descubrimiento que pone en palestra el desarrollo cultural de la regi\u00f3n.<\/p>\n\n\n\n<p>Fuente: CIAS ArkeoAyacucho<\/p>\n\n\n\n<figure class=\"wp-block-image aligncenter size-full\"><img loading=\"lazy\" decoding=\"async\" width=\"2048\" height=\"1365\" src=\"https:\/\/intiyana.org\/blog\/wp-content\/uploads\/2024\/07\/uewari.jpg\" alt=\"\" class=\"wp-image-219\"\/><\/figure>\n","protected":false},"excerpt":{"rendered":"<p>Mediante alianza entre el Gobierno Central del Per\u00fa, el Gobierno Regional de Ayacucho y la Universidad Nacional de San Crist\u00f3bal de Huamanga, crear\u00e1n unidad ejecutora para realizar trabajos de investigaci\u00f3n en sitio arqueol\u00f3gico Wari. El Viceministro de Cultura, Luis Jaime Castillo Butters, en compa\u00f1\u00eda del presidente regional de Ayacucho, Wilfredo Oscorima N\u00fa\u00f1ez y el congresista [&hellip;]<\/p>\n","protected":false},"author":1,"featured_media":348,"comment_status":"closed","ping_status":"closed","sticky":false,"template":"","format":"standard","meta":{"site-container-style":"default","site-container-layout":"default","site-sidebar-layout":"default","disable-article-header":"default","disable-site-header":"default","disable-site-footer":"default","disable-content-area-spacing":"default","footnotes":""},"categories":[5],"tags":[],"class_list":["post-85","post","type-post","status-publish","format-standard","has-post-thumbnail","hentry","category-noticias"],"_links":{"self":[{"href":"https:\/\/intiyana.org\/blog\/wp-json\/wp\/v2\/posts\/85","targetHints":{"allow":["GET"]}}],"collection":[{"href":"https:\/\/intiyana.org\/blog\/wp-json\/wp\/v2\/posts"}],"about":[{"href":"https:\/\/intiyana.org\/blog\/wp-json\/wp\/v2\/types\/post"}],"author":[{"embeddable":true,"href":"https:\/\/intiyana.org\/blog\/wp-json\/wp\/v2\/users\/1"}],"replies":[{"embeddable":true,"href":"https:\/\/intiyana.org\/blog\/wp-json\/wp\/v2\/comments?post=85"}],"version-history":[{"count":2,"href":"https:\/\/intiyana.org\/blog\/wp-json\/wp\/v2\/posts\/85\/revisions"}],"predecessor-version":[{"id":220,"href":"https:\/\/intiyana.org\/blog\/wp-json\/wp\/v2\/posts\/85\/revisions\/220"}],"wp:featuredmedia":[{"embeddable":true,"href":"https:\/\/intiyana.org\/blog\/wp-json\/wp\/v2\/media\/348"}],"wp:attachment":[{"href":"https:\/\/intiyana.org\/blog\/wp-json\/wp\/v2\/media?parent=85"}],"wp:term":[{"taxonomy":"category","embeddable":true,"href":"https:\/\/intiyana.org\/blog\/wp-json\/wp\/v2\/categories?post=85"},{"taxonomy":"post_tag","embeddable":true,"href":"https:\/\/intiyana.org\/blog\/wp-json\/wp\/v2\/tags?post=85"}],"curies":[{"name":"wp","href":"https:\/\/api.w.org\/{rel}","templated":true}]}}