{"id":8,"date":"2011-03-01T19:53:18","date_gmt":"2011-03-02T00:53:18","guid":{"rendered":"http:\/\/localhost\/blog\/?p=8"},"modified":"2024-07-08T22:16:45","modified_gmt":"2024-07-09T03:16:45","slug":"condecoran-al-dr-jorge-flores-ochoa-en-el-grado-de-gran-cruz-en-el-cusco","status":"publish","type":"post","link":"https:\/\/intiyana.org\/blog\/2011\/03\/01\/condecoran-al-dr-jorge-flores-ochoa-en-el-grado-de-gran-cruz-en-el-cusco\/","title":{"rendered":"CONDECORAN AL DR. JORGE FLORES OCHOA EN EL GRADO DE GRAN CRUZ EN EL CUSCO"},"content":{"rendered":"\n<p>En una concurrida ceremonia, contando con las principales autoridades de la ciudad del cusco, acad\u00e9micos y p\u00fablico en general, se condecoro al Dr. Jorge Flores Ochoa con la orden \u201cal merito por sus servicios distinguidos\u201d en el grado de gran cruz, el ministro de cultura Dr. Juan Ossio Acu\u00f1a en ceremonia protocolar condecor\u00f3 al honorable doctor Jorge Flores Ochoa, el d\u00eda 01 de marzo a las 12:00 en el auditorio del Museo Hist\u00f3rico Regional de la Casa Garcilaso. Esto obedece a la resoluci\u00f3n suprema N\u00ba 038 llevando la firma del presidente de la rep\u00fablica Alan Garc\u00eda P\u00e9rez y del ministerio de relaciones exteriores Jos\u00e9 Antonio Garc\u00eda Belaunde.<\/p>\n\n\n\n<p>Seg\u00fan la resoluci\u00f3n otorgada al merito a la notable trayectoria profesional del antrop\u00f3logo Flores, doctor en letras y ciencias humanas, y sus reconocidas labores acad\u00e9micas e instigaciones en ciencias sociales, en especial por sus estudios antropol\u00f3gicos sobre las diversas expresiones de la cultura popular y el folklore de las culturas alto andinas, as\u00ed como de las actividades de pastoreo de cam\u00e9lidos sudamericanos. As\u00ed tambi\u00e9n destacando su valiosa labor como profesor en diversas instituciones y universidades de primer nivel, tanto en el Per\u00fa como en el extranjero.<\/p>\n\n\n\n<figure class=\"wp-block-gallery has-nested-images columns-default is-cropped wp-block-gallery-1 is-layout-flex wp-block-gallery-is-layout-flex\">\n<figure class=\"wp-block-image size-large\"><img loading=\"lazy\" decoding=\"async\" width=\"1000\" height=\"648\" data-id=\"30\" src=\"https:\/\/intiyana.org\/blog\/wp-content\/uploads\/2024\/07\/1.jpg\" alt=\"\" class=\"wp-image-30\"\/><\/figure>\n\n\n\n<figure class=\"wp-block-image size-large\"><img loading=\"lazy\" decoding=\"async\" width=\"1000\" height=\"725\" data-id=\"29\" src=\"https:\/\/intiyana.org\/blog\/wp-content\/uploads\/2024\/07\/2.jpg\" alt=\"\" class=\"wp-image-29\"\/><\/figure>\n\n\n\n<figure class=\"wp-block-image size-large\"><img loading=\"lazy\" decoding=\"async\" width=\"773\" height=\"1000\" data-id=\"31\" src=\"https:\/\/intiyana.org\/blog\/wp-content\/uploads\/2024\/07\/3.jpg\" alt=\"\" class=\"wp-image-31\"\/><\/figure>\n<\/figure>\n","protected":false},"excerpt":{"rendered":"<p>En una concurrida ceremonia, contando con las principales autoridades de la ciudad del cusco, acad\u00e9micos y p\u00fablico en general, se condecoro al Dr. Jorge Flores Ochoa con la orden \u201cal merito por sus servicios distinguidos\u201d en el grado de gran cruz, el ministro de cultura Dr. Juan Ossio Acu\u00f1a en ceremonia protocolar condecor\u00f3 al honorable [&hellip;]<\/p>\n","protected":false},"author":1,"featured_media":31,"comment_status":"closed","ping_status":"closed","sticky":false,"template":"","format":"standard","meta":{"site-container-style":"default","site-container-layout":"default","site-sidebar-layout":"default","disable-article-header":"default","disable-site-header":"default","disable-site-footer":"default","disable-content-area-spacing":"default","footnotes":""},"categories":[5],"tags":[],"class_list":["post-8","post","type-post","status-publish","format-standard","has-post-thumbnail","hentry","category-noticias"],"_links":{"self":[{"href":"https:\/\/intiyana.org\/blog\/wp-json\/wp\/v2\/posts\/8","targetHints":{"allow":["GET"]}}],"collection":[{"href":"https:\/\/intiyana.org\/blog\/wp-json\/wp\/v2\/posts"}],"about":[{"href":"https:\/\/intiyana.org\/blog\/wp-json\/wp\/v2\/types\/post"}],"author":[{"embeddable":true,"href":"https:\/\/intiyana.org\/blog\/wp-json\/wp\/v2\/users\/1"}],"replies":[{"embeddable":true,"href":"https:\/\/intiyana.org\/blog\/wp-json\/wp\/v2\/comments?post=8"}],"version-history":[{"count":2,"href":"https:\/\/intiyana.org\/blog\/wp-json\/wp\/v2\/posts\/8\/revisions"}],"predecessor-version":[{"id":32,"href":"https:\/\/intiyana.org\/blog\/wp-json\/wp\/v2\/posts\/8\/revisions\/32"}],"wp:featuredmedia":[{"embeddable":true,"href":"https:\/\/intiyana.org\/blog\/wp-json\/wp\/v2\/media\/31"}],"wp:attachment":[{"href":"https:\/\/intiyana.org\/blog\/wp-json\/wp\/v2\/media?parent=8"}],"wp:term":[{"taxonomy":"category","embeddable":true,"href":"https:\/\/intiyana.org\/blog\/wp-json\/wp\/v2\/categories?post=8"},{"taxonomy":"post_tag","embeddable":true,"href":"https:\/\/intiyana.org\/blog\/wp-json\/wp\/v2\/tags?post=8"}],"curies":[{"name":"wp","href":"https:\/\/api.w.org\/{rel}","templated":true}]}}