{"id":79,"date":"2015-02-12T23:08:53","date_gmt":"2015-02-13T04:08:53","guid":{"rendered":"http:\/\/localhost\/blog\/?p=79"},"modified":"2024-07-08T22:12:52","modified_gmt":"2024-07-09T03:12:52","slug":"fallecio-el-maestro-violinista-ayacuchano-maximo-damian","status":"publish","type":"post","link":"https:\/\/intiyana.org\/blog\/2015\/02\/12\/fallecio-el-maestro-violinista-ayacuchano-maximo-damian\/","title":{"rendered":"FALLECI\u00d3 EL MAESTRO VIOLINISTA AYACUCHANO M\u00c1XIMO DAMI\u00c1N"},"content":{"rendered":"\n<p>Una pena para nuestro pa\u00eds la perdida el violinista ayacuchano M\u00e1ximo Dami\u00e1n, uno de los m\u00e1s grandes m\u00fasicos, compositores e int\u00e9rpretes de nuestro acervo cultural ayacuchano, quien falleci\u00f3 esta tarde a los 79 a\u00f1os. Leyenda del folclore peruano, conocido como el \u2018violinista de Arguedas\u2019, debido a su estrecha amistad con el escritor Jos\u00e9 Mar\u00eda Arguedas, asi como del poeta Cesar Calvo, Dami\u00e1n hab\u00eda tocado en el velorio de Jos\u00e9 Mar\u00eda Arguedas por pedido expreso del escritor. A \u00e9l le dedic\u00f3 el libro \u201cEl zorro de arriba y el zorro de abajo\u201d y el m\u00fasico hizo para Arguedas la tonada \u201cLa Agon\u00eda\u201d. En M\u00e1ximo Dami\u00e1n se preserva la tradici\u00f3n musical del Per\u00fa de hondas ra\u00edces andinas.<\/p>\n\n\n\n<figure class=\"wp-block-image aligncenter size-full\"><img loading=\"lazy\" decoding=\"async\" width=\"1382\" height=\"1015\" src=\"https:\/\/intiyana.org\/blog\/wp-content\/uploads\/2024\/07\/maximo.jpg\" alt=\"\" class=\"wp-image-224\"\/><\/figure>\n","protected":false},"excerpt":{"rendered":"<p>Una pena para nuestro pa\u00eds la perdida el violinista ayacuchano M\u00e1ximo Dami\u00e1n, uno de los m\u00e1s grandes m\u00fasicos, compositores e int\u00e9rpretes de nuestro acervo cultural ayacuchano, quien falleci\u00f3 esta tarde a los 79 a\u00f1os. Leyenda del folclore peruano, conocido como el \u2018violinista de Arguedas\u2019, debido a su estrecha amistad con el escritor Jos\u00e9 Mar\u00eda Arguedas, [&hellip;]<\/p>\n","protected":false},"author":1,"featured_media":224,"comment_status":"closed","ping_status":"closed","sticky":false,"template":"","format":"standard","meta":{"site-container-style":"default","site-container-layout":"default","site-sidebar-layout":"default","disable-article-header":"default","disable-site-header":"default","disable-site-footer":"default","disable-content-area-spacing":"default","footnotes":""},"categories":[5],"tags":[],"class_list":["post-79","post","type-post","status-publish","format-standard","has-post-thumbnail","hentry","category-noticias"],"_links":{"self":[{"href":"https:\/\/intiyana.org\/blog\/wp-json\/wp\/v2\/posts\/79","targetHints":{"allow":["GET"]}}],"collection":[{"href":"https:\/\/intiyana.org\/blog\/wp-json\/wp\/v2\/posts"}],"about":[{"href":"https:\/\/intiyana.org\/blog\/wp-json\/wp\/v2\/types\/post"}],"author":[{"embeddable":true,"href":"https:\/\/intiyana.org\/blog\/wp-json\/wp\/v2\/users\/1"}],"replies":[{"embeddable":true,"href":"https:\/\/intiyana.org\/blog\/wp-json\/wp\/v2\/comments?post=79"}],"version-history":[{"count":2,"href":"https:\/\/intiyana.org\/blog\/wp-json\/wp\/v2\/posts\/79\/revisions"}],"predecessor-version":[{"id":225,"href":"https:\/\/intiyana.org\/blog\/wp-json\/wp\/v2\/posts\/79\/revisions\/225"}],"wp:featuredmedia":[{"embeddable":true,"href":"https:\/\/intiyana.org\/blog\/wp-json\/wp\/v2\/media\/224"}],"wp:attachment":[{"href":"https:\/\/intiyana.org\/blog\/wp-json\/wp\/v2\/media?parent=79"}],"wp:term":[{"taxonomy":"category","embeddable":true,"href":"https:\/\/intiyana.org\/blog\/wp-json\/wp\/v2\/categories?post=79"},{"taxonomy":"post_tag","embeddable":true,"href":"https:\/\/intiyana.org\/blog\/wp-json\/wp\/v2\/tags?post=79"}],"curies":[{"name":"wp","href":"https:\/\/api.w.org\/{rel}","templated":true}]}}