{"id":57,"date":"2014-04-25T20:53:27","date_gmt":"2014-04-26T01:53:27","guid":{"rendered":"http:\/\/localhost\/blog\/?p=57"},"modified":"2024-07-08T22:12:16","modified_gmt":"2024-07-09T03:12:16","slug":"ministerio-de-cultura-cusco-presento-libro-origenes-de-la-civilizacion-en-el-peru","status":"publish","type":"post","link":"https:\/\/intiyana.org\/blog\/2014\/04\/25\/ministerio-de-cultura-cusco-presento-libro-origenes-de-la-civilizacion-en-el-peru\/","title":{"rendered":"MINISTERIO DE CULTURA &#8211; CUSCO PRESENT\u00d3 LIBRO: \u00abOR\u00cdGENES DE LA CIVILIZACI\u00d3N EN EL PER\u00da\u00bb"},"content":{"rendered":"\n<p>Luego de cuarenta a\u00f1os de su primera publicaci\u00f3n, ayer se present\u00f3 la reedici\u00f3n del libro titulado \u00abLos Or\u00edgenes de la Civilizaci\u00f3n en el Per\u00fa\u00bb, obra del destacado investigador peruano Luis Lumbreras Salcedo, importante acto desarrollado como parte del Ciclo de Conferencias Magistrales \u201cLa Arqueolog\u00eda Hoy: Enfoques y Perspectivas\u201d que fue clausurado en el auditorio del ICPNA.<\/p>\n\n\n\n<p>La obra, reeditada por la Direcci\u00f3n Desconcentrada de Cultura Cusco, presenta una edici\u00f3n de lujo con notable ilustraci\u00f3n y dise\u00f1o moderno. \u00abEste libro constituye, tal vez, el mayor aporte para el conocimiento de todas las civilizaciones que habitaron nuestro actual territorio peruano, desde los primeros pueblos que fueron ocupando los andes, la costa y la Amazon\u00eda, el esplendor del Tawantinsuyo hasta la invasi\u00f3n espa\u00f1ola\u00bb resalt\u00f3 el titular de la entidad cultural, Ricardo Ruiz Caro Villagarc\u00eda, al presentar tan importante publicaci\u00f3n.<\/p>\n\n\n\n<p>El autor del libro, Luis Lumbreras, record\u00f3 que hace 40 a\u00f1os, cuando escribi\u00f3 el texto, nunca imagin\u00f3 que tendr\u00eda la enorme acogida que tuvo la primera edici\u00f3n, ya que se vendieron m\u00e1s de 150 mil ejemplares. \u00abHoy, 40 a\u00f1os despu\u00e9s acced\u00ed a reeditar el libro porque creo que puede seguir sirviendo para todos aquellos j\u00f3venes que optaron por la arqueolog\u00eda y para que la poblaci\u00f3n conozca m\u00e1s de nuestras riquezas\u00bb dijo emocionado el Dr. Lumbreras.<\/p>\n\n\n\n<p>Previo a la presentaci\u00f3n del libro, se desarroll\u00f3 un conversatorio sobre \u00abAspectos Relevantes de la Investigaci\u00f3n Arqueol\u00f3gica en el Siglo XXI\u00bb en el que participaron los investigadores Santiago Uceda, El\u00edas Mujica y el propio Lumbreras. Ellos, intercambiaron argumentos y opiniones respecto a la Teor\u00eda Observacional, Teor\u00eda Explicativa y Los Arque\u00f3logos y la Gesti\u00f3n Patrimonial.<\/p>\n\n\n\n<p>El Ciclo de Conferencias Magistrales \u201cLa Arqueolog\u00eda Hoy: Enfoques y Perspectivas\u201d concluy\u00f3 con una emotiva ceremonia en la cual, el Colegio de Arque\u00f3logos de Cusco, condecor\u00f3 con la Medalla de Honor de la Orden al Dr. Luis Lumbreras Salcedo. El Decano de la orden profesional, Arque\u00f3logo Richard Alegr\u00eda S\u00e1nchez, destac\u00f3 las calidades acad\u00e9micas y profesionales del homenajeado y valor\u00f3 la enorme contribuci\u00f3n que hizo para el conocimiento de nuestro patrimonio cultural.<\/p>\n\n\n\n<h3 class=\"wp-block-heading\">REGISTRO FOTOGR\u00c1FICO<\/h3>\n\n\n\n<figure class=\"wp-block-image aligncenter size-full\"><img loading=\"lazy\" decoding=\"async\" width=\"436\" height=\"273\" src=\"https:\/\/intiyana.org\/blog\/wp-content\/uploads\/2024\/07\/cuzco.jpg\" alt=\"\" class=\"wp-image-246\"\/><\/figure>\n","protected":false},"excerpt":{"rendered":"<p>Luego de cuarenta a\u00f1os de su primera publicaci\u00f3n, ayer se present\u00f3 la reedici\u00f3n del libro titulado \u00abLos Or\u00edgenes de la Civilizaci\u00f3n en el Per\u00fa\u00bb, obra del destacado investigador peruano Luis Lumbreras Salcedo, importante acto desarrollado como parte del Ciclo de Conferencias Magistrales \u201cLa Arqueolog\u00eda Hoy: Enfoques y Perspectivas\u201d que fue clausurado en el auditorio del [&hellip;]<\/p>\n","protected":false},"author":1,"featured_media":246,"comment_status":"closed","ping_status":"closed","sticky":false,"template":"","format":"standard","meta":{"site-container-style":"default","site-container-layout":"default","site-sidebar-layout":"default","disable-article-header":"default","disable-site-header":"default","disable-site-footer":"default","disable-content-area-spacing":"default","footnotes":""},"categories":[6],"tags":[],"class_list":["post-57","post","type-post","status-publish","format-standard","has-post-thumbnail","hentry","category-publi"],"_links":{"self":[{"href":"https:\/\/intiyana.org\/blog\/wp-json\/wp\/v2\/posts\/57","targetHints":{"allow":["GET"]}}],"collection":[{"href":"https:\/\/intiyana.org\/blog\/wp-json\/wp\/v2\/posts"}],"about":[{"href":"https:\/\/intiyana.org\/blog\/wp-json\/wp\/v2\/types\/post"}],"author":[{"embeddable":true,"href":"https:\/\/intiyana.org\/blog\/wp-json\/wp\/v2\/users\/1"}],"replies":[{"embeddable":true,"href":"https:\/\/intiyana.org\/blog\/wp-json\/wp\/v2\/comments?post=57"}],"version-history":[{"count":2,"href":"https:\/\/intiyana.org\/blog\/wp-json\/wp\/v2\/posts\/57\/revisions"}],"predecessor-version":[{"id":247,"href":"https:\/\/intiyana.org\/blog\/wp-json\/wp\/v2\/posts\/57\/revisions\/247"}],"wp:featuredmedia":[{"embeddable":true,"href":"https:\/\/intiyana.org\/blog\/wp-json\/wp\/v2\/media\/246"}],"wp:attachment":[{"href":"https:\/\/intiyana.org\/blog\/wp-json\/wp\/v2\/media?parent=57"}],"wp:term":[{"taxonomy":"category","embeddable":true,"href":"https:\/\/intiyana.org\/blog\/wp-json\/wp\/v2\/categories?post=57"},{"taxonomy":"post_tag","embeddable":true,"href":"https:\/\/intiyana.org\/blog\/wp-json\/wp\/v2\/tags?post=57"}],"curies":[{"name":"wp","href":"https:\/\/api.w.org\/{rel}","templated":true}]}}