{"id":484,"date":"2024-04-19T19:28:00","date_gmt":"2024-04-20T00:28:00","guid":{"rendered":"https:\/\/intiyana.org\/blog\/?p=484"},"modified":"2024-08-13T20:28:52","modified_gmt":"2024-08-14T01:28:52","slug":"presentan-trabajos-que-se-vienen-realizando-de-kuelap","status":"publish","type":"post","link":"https:\/\/intiyana.org\/blog\/2024\/04\/19\/presentan-trabajos-que-se-vienen-realizando-de-kuelap\/","title":{"rendered":"PRESENTAN TRABAJOS QUE SE VIENEN REALIZANDO EN KUELAP"},"content":{"rendered":"\n<p>Presentan avances del \u201cPrograma de investigaci\u00f3n arqueol\u00f3gica e interdisciplinaria con fines de investigaci\u00f3n, conservaci\u00f3n y puesta en valor del Complejo Arqueol\u00f3gico de Ku\u00e9lap\u201d, en lo que es investigaci\u00f3n arqueol\u00f3gica con excavaci\u00f3n y en labores de conservaci\u00f3n de \u00e1reas cr\u00edticas.<\/p>\n\n\n\n<p><a href=\"https:\/\/fb.watch\/tXIGl_yUZ3\">https:\/\/fb.watch\/tXIGl_yUZ3<\/a><\/p>\n\n\n\n<p><\/p>\n","protected":false},"excerpt":{"rendered":"<p>Presentan avances del \u201cPrograma de investigaci\u00f3n arqueol\u00f3gica e interdisciplinaria con fines de investigaci\u00f3n, conservaci\u00f3n y puesta en valor del Complejo Arqueol\u00f3gico de Ku\u00e9lap\u201d, en lo que es investigaci\u00f3n arqueol\u00f3gica con excavaci\u00f3n y en labores de conservaci\u00f3n de \u00e1reas cr\u00edticas. https:\/\/fb.watch\/tXIGl_yUZ3<\/p>\n","protected":false},"author":1,"featured_media":488,"comment_status":"closed","ping_status":"closed","sticky":false,"template":"","format":"standard","meta":{"site-container-style":"default","site-container-layout":"default","site-sidebar-layout":"default","disable-article-header":"default","disable-site-header":"default","disable-site-footer":"default","disable-content-area-spacing":"default","footnotes":""},"categories":[1],"tags":[],"class_list":["post-484","post","type-post","status-publish","format-standard","has-post-thumbnail","hentry","category-sin-categoria"],"_links":{"self":[{"href":"https:\/\/intiyana.org\/blog\/wp-json\/wp\/v2\/posts\/484","targetHints":{"allow":["GET"]}}],"collection":[{"href":"https:\/\/intiyana.org\/blog\/wp-json\/wp\/v2\/posts"}],"about":[{"href":"https:\/\/intiyana.org\/blog\/wp-json\/wp\/v2\/types\/post"}],"author":[{"embeddable":true,"href":"https:\/\/intiyana.org\/blog\/wp-json\/wp\/v2\/users\/1"}],"replies":[{"embeddable":true,"href":"https:\/\/intiyana.org\/blog\/wp-json\/wp\/v2\/comments?post=484"}],"version-history":[{"count":3,"href":"https:\/\/intiyana.org\/blog\/wp-json\/wp\/v2\/posts\/484\/revisions"}],"predecessor-version":[{"id":490,"href":"https:\/\/intiyana.org\/blog\/wp-json\/wp\/v2\/posts\/484\/revisions\/490"}],"wp:featuredmedia":[{"embeddable":true,"href":"https:\/\/intiyana.org\/blog\/wp-json\/wp\/v2\/media\/488"}],"wp:attachment":[{"href":"https:\/\/intiyana.org\/blog\/wp-json\/wp\/v2\/media?parent=484"}],"wp:term":[{"taxonomy":"category","embeddable":true,"href":"https:\/\/intiyana.org\/blog\/wp-json\/wp\/v2\/categories?post=484"},{"taxonomy":"post_tag","embeddable":true,"href":"https:\/\/intiyana.org\/blog\/wp-json\/wp\/v2\/tags?post=484"}],"curies":[{"name":"wp","href":"https:\/\/api.w.org\/{rel}","templated":true}]}}