{"id":394,"date":"2024-06-27T12:45:55","date_gmt":"2024-06-27T17:45:55","guid":{"rendered":"http:\/\/localhost\/blog\/?p=394"},"modified":"2026-03-03T13:58:13","modified_gmt":"2026-03-03T18:58:13","slug":"descubren-templo-ceremonial-de-aproximadamente-5-mil-anos-de-antiguedad-en-lambayeque","status":"publish","type":"post","link":"https:\/\/intiyana.org\/blog\/2024\/06\/27\/descubren-templo-ceremonial-de-aproximadamente-5-mil-anos-de-antiguedad-en-lambayeque\/","title":{"rendered":"DESCUBREN TEMPLO CEREMONIAL DE APROXIMADAMENTE 4 MIL A\u00d1OS DE ANTIG\u00dcEDAD EN LAMBAYEQUE"},"content":{"rendered":"\n<p>El Proyecto Arqueol\u00f3gico Paisajes Culturales de \u00dacupe &#8211; Valle de Za\u00f1a, logr\u00f3 un hallazgo notable en el complejo Los Paredones de la Otra Banda &#8211; Las \u00c1nimas, en Lambayeque. Esta campa\u00f1a, iniciada el pasado 3 de junio, revel\u00f3 un templo ceremonial que data de aproximadamente cinco mil a\u00f1os y as\u00ed, marca un importante evento en la historia del Per\u00fa precolombino.<\/p>\n\n\n\n<p>El Ministerio de Cultura, a trav\u00e9s de la Direcci\u00f3n Desconcentrada de Cultura (DDC) de Lambayeque, ha estado supervisando de cerca estos avances. Las excavaciones, situadas a 48 kil\u00f3metros de Chiclayo, han involucrado dos unidades arqueol\u00f3gicas claves.<\/p>\n\n\n\n<p>En la primera unidad, los expertos desenterraron una estructura monumental religiosa perteneciente al periodo formativo. Seg\u00fan Luis Armando Muro Yno\u00f1\u00e1n, director del proyecto, este recinto es uno de los descubrimientos m\u00e1s antiguos y significativos en la regi\u00f3n.<\/p>\n\n\n\n<p>\u201cPosiblemente estemos frente ante un recinto religioso de cinco mil a\u00f1os de antig\u00fcedad que constituye un espacio arquitect\u00f3nico definido por muros construidos por tapia. Tenemos lo que habr\u00eda sido una escalinata central desde la cual se ascender\u00eda a una especie de escenario en la parte central\u201d, mencion\u00f3.<\/p>\n\n\n\n<p>El complejo incluye frisos con figuras antropomorfas en alto relieve, que muestran cuerpos humanos con cabezas de aves, felinos, y garras de reptiles. Estas im\u00e1genes sugieren que el lugar fue usado para ceremonias especiales, y en la parte superior del templo, un muro con un enlucido fino muestra un dise\u00f1o pict\u00f3rico que a\u00f1ade m\u00e1s detalles sobre las pr\u00e1cticas ceremoniales de la \u00e9poca.<\/p>\n\n\n\n<p>En la segunda unidad de excavaci\u00f3n, se identific\u00f3 una arquitectura ceremonial perteneciente al periodo Mochica tard\u00edo, alrededor de los a\u00f1os 600 a 700 d.C. Esta estructura incluye contrafuertes y la base de una gran plataforma escalonada. Durante las excavaciones, tambi\u00e9n se hall\u00f3 la tumba de un infante de 5 a 6 a\u00f1os, perteneciente a una \u00e9poca posterior.<\/p>\n\n\n\n<p>Las investigaciones, financiadas por la Pontificia Universidad Cat\u00f3lica del Per\u00fa (PUCP) y la Universidad de California en Los \u00c1ngeles (UCLA), buscan comprender el desarrollo de los centros ceremoniales y cementerios de \u00e9lite en La Otra Banda y \u00dacupe.<\/p>\n\n\n\n<p>Estos centros se establecieron y consolidaron regionalmente desde el periodo Formativo hasta la \u00e9poca Moche, en asociaci\u00f3n con otros sitios emergentes en los valles de Jequetepeque y Lambayeque.<\/p>\n\n\n\n<p>El equipo de arque\u00f3logos espera que los trabajos continuados en el Complejo Arqueol\u00f3gico Los Paredones de la Otra Banda &#8211; Las \u00c1nimas revelen adicionales artefactos y estructuras que puedan ampliar nuestra comprensi\u00f3n de estas civilizaciones antiguas.<br><\/p>\n\n\n\n<figure class=\"wp-block-image aligncenter size-full\"><img loading=\"lazy\" decoding=\"async\" width=\"800\" height=\"536\" src=\"https:\/\/intiyana.org\/blog\/wp-content\/uploads\/2024\/07\/01-4.png\" alt=\"\" class=\"wp-image-425\"\/><\/figure>\n","protected":false},"excerpt":{"rendered":"<p>El Proyecto Arqueol\u00f3gico Paisajes Culturales de \u00dacupe &#8211; Valle de Za\u00f1a, logr\u00f3 un hallazgo notable en el complejo Los Paredones de la Otra Banda &#8211; Las \u00c1nimas, en Lambayeque. Esta campa\u00f1a, iniciada el pasado 3 de junio, revel\u00f3 un templo ceremonial que data de aproximadamente cinco mil a\u00f1os y as\u00ed, marca un importante evento en [&hellip;]<\/p>\n","protected":false},"author":1,"featured_media":399,"comment_status":"closed","ping_status":"closed","sticky":false,"template":"","format":"standard","meta":{"site-container-style":"default","site-container-layout":"default","site-sidebar-layout":"default","disable-article-header":"default","disable-site-header":"default","disable-site-footer":"default","disable-content-area-spacing":"default","footnotes":""},"categories":[7,5],"tags":[],"class_list":["post-394","post","type-post","status-publish","format-standard","has-post-thumbnail","hentry","category-descu","category-noticias"],"_links":{"self":[{"href":"https:\/\/intiyana.org\/blog\/wp-json\/wp\/v2\/posts\/394","targetHints":{"allow":["GET"]}}],"collection":[{"href":"https:\/\/intiyana.org\/blog\/wp-json\/wp\/v2\/posts"}],"about":[{"href":"https:\/\/intiyana.org\/blog\/wp-json\/wp\/v2\/types\/post"}],"author":[{"embeddable":true,"href":"https:\/\/intiyana.org\/blog\/wp-json\/wp\/v2\/users\/1"}],"replies":[{"embeddable":true,"href":"https:\/\/intiyana.org\/blog\/wp-json\/wp\/v2\/comments?post=394"}],"version-history":[{"count":3,"href":"https:\/\/intiyana.org\/blog\/wp-json\/wp\/v2\/posts\/394\/revisions"}],"predecessor-version":[{"id":509,"href":"https:\/\/intiyana.org\/blog\/wp-json\/wp\/v2\/posts\/394\/revisions\/509"}],"wp:featuredmedia":[{"embeddable":true,"href":"https:\/\/intiyana.org\/blog\/wp-json\/wp\/v2\/media\/399"}],"wp:attachment":[{"href":"https:\/\/intiyana.org\/blog\/wp-json\/wp\/v2\/media?parent=394"}],"wp:term":[{"taxonomy":"category","embeddable":true,"href":"https:\/\/intiyana.org\/blog\/wp-json\/wp\/v2\/categories?post=394"},{"taxonomy":"post_tag","embeddable":true,"href":"https:\/\/intiyana.org\/blog\/wp-json\/wp\/v2\/tags?post=394"}],"curies":[{"name":"wp","href":"https:\/\/api.w.org\/{rel}","templated":true}]}}