{"id":392,"date":"2023-05-16T12:45:16","date_gmt":"2023-05-16T17:45:16","guid":{"rendered":"http:\/\/localhost\/blog\/?p=392"},"modified":"2024-07-10T22:15:58","modified_gmt":"2024-07-11T03:15:58","slug":"encuentran-en-templo-en-forma-de-u-la-representacion-mas-temprana-de-una-chacana-en-el-peru","status":"publish","type":"post","link":"https:\/\/intiyana.org\/blog\/2023\/05\/16\/encuentran-en-templo-en-forma-de-u-la-representacion-mas-temprana-de-una-chacana-en-el-peru\/","title":{"rendered":"ENCUENTRAN EN TEMPLO EN FORMA DE U LA REPRESENTACI\u00d3N M\u00c1S TEMPRANA DE UNA CHACANA EN EL PER\u00da."},"content":{"rendered":"\n<p>Un grupo de arque\u00f3logos hall\u00f3 un templo de unos 4,000 a\u00f1os de antig\u00fcedad en la costa central del Per\u00fa. Este edificio atesora en uno de sus frisos una cruz andina que de estar completa, tal y como sospechan los expertos, ser\u00eda la evidencia m\u00e1s antigua en Sudam\u00e9rica de una chacana. Este centro ceremonial en forma de U se ubica en el margen izquierdo del valle bajo del r\u00edo Chancay, dentro del sitio arqueol\u00f3gico de Miraflores, ubicado en la costera provincia de Huaral, a unos 95 kil\u00f3metros al norte de Lima.<\/p>\n\n\n\n<p>Este templo milenario, que hoy est\u00e1 sepultado por toneladas de piedras y rodeado de campos de cultivo, est\u00e1 conformado por una estructura piramidal y dos mont\u00edculos alargados que crean una gran plaza ceremonial en su centro.<\/p>\n\n\n\n<p>El equipo de arque\u00f3logos que trabaja desde enero en este yacimiento, liderado por el doctor Pieter van Dalen Luna, de la Universidad Nacional Mayor de San Marcos, presume que el templo habr\u00eda pertenecido al per\u00edodo formativo andino y ser\u00eda uno de los mayores, \u201csino el m\u00e1s grande\u201d, de la costa central del Per\u00fa, en la parte baja de la Cordillera de los Andes.<\/p>\n\n\n\n<p>\u201cHemos encontrado muros, pasadizos, escalinatas, elementos de culto, artefactos utilizados como parte de los rituales funerarios, y cer\u00e1mica de estilo muy temprano\u201d. Lo m\u00e1s sorprendente, sin embargo, lo descubrieron los arque\u00f3logos hace pocas semanas durante la excavaci\u00f3n de un muro de piedras y adobe, de tres metros de alto, de un recinto ubicado en la parte superior y posterior de la pir\u00e1mide principal.<\/p>\n\n\n\n<p>All\u00ed encontraron un \u201cfriso en forma geom\u00e9trica que est\u00e1 representando una cruz del sur. Esta ser\u00eda la evidencia m\u00e1s antigua de una chacana completa hallada en los Andes\u201d, cuenta Van Dalen.<\/p>\n\n\n\n<figure class=\"wp-block-image aligncenter size-full\"><img loading=\"lazy\" decoding=\"async\" width=\"760\" height=\"507\" src=\"https:\/\/intiyana.org\/blog\/wp-content\/uploads\/2024\/07\/chakana.jpg\" alt=\"\" class=\"wp-image-410\"\/><\/figure>\n","protected":false},"excerpt":{"rendered":"<p>Un grupo de arque\u00f3logos hall\u00f3 un templo de unos 4,000 a\u00f1os de antig\u00fcedad en la costa central del Per\u00fa. Este edificio atesora en uno de sus frisos una cruz andina que de estar completa, tal y como sospechan los expertos, ser\u00eda la evidencia m\u00e1s antigua en Sudam\u00e9rica de una chacana. Este centro ceremonial en forma [&hellip;]<\/p>\n","protected":false},"author":1,"featured_media":405,"comment_status":"closed","ping_status":"closed","sticky":false,"template":"","format":"standard","meta":{"site-container-style":"default","site-container-layout":"default","site-sidebar-layout":"default","disable-article-header":"default","disable-site-header":"default","disable-site-footer":"default","disable-content-area-spacing":"default","footnotes":""},"categories":[7,5],"tags":[],"class_list":["post-392","post","type-post","status-publish","format-standard","has-post-thumbnail","hentry","category-descu","category-noticias"],"_links":{"self":[{"href":"https:\/\/intiyana.org\/blog\/wp-json\/wp\/v2\/posts\/392","targetHints":{"allow":["GET"]}}],"collection":[{"href":"https:\/\/intiyana.org\/blog\/wp-json\/wp\/v2\/posts"}],"about":[{"href":"https:\/\/intiyana.org\/blog\/wp-json\/wp\/v2\/types\/post"}],"author":[{"embeddable":true,"href":"https:\/\/intiyana.org\/blog\/wp-json\/wp\/v2\/users\/1"}],"replies":[{"embeddable":true,"href":"https:\/\/intiyana.org\/blog\/wp-json\/wp\/v2\/comments?post=392"}],"version-history":[{"count":2,"href":"https:\/\/intiyana.org\/blog\/wp-json\/wp\/v2\/posts\/392\/revisions"}],"predecessor-version":[{"id":411,"href":"https:\/\/intiyana.org\/blog\/wp-json\/wp\/v2\/posts\/392\/revisions\/411"}],"wp:featuredmedia":[{"embeddable":true,"href":"https:\/\/intiyana.org\/blog\/wp-json\/wp\/v2\/media\/405"}],"wp:attachment":[{"href":"https:\/\/intiyana.org\/blog\/wp-json\/wp\/v2\/media?parent=392"}],"wp:term":[{"taxonomy":"category","embeddable":true,"href":"https:\/\/intiyana.org\/blog\/wp-json\/wp\/v2\/categories?post=392"},{"taxonomy":"post_tag","embeddable":true,"href":"https:\/\/intiyana.org\/blog\/wp-json\/wp\/v2\/tags?post=392"}],"curies":[{"name":"wp","href":"https:\/\/api.w.org\/{rel}","templated":true}]}}