{"id":388,"date":"2016-03-06T12:43:23","date_gmt":"2016-03-06T17:43:23","guid":{"rendered":"http:\/\/localhost\/blog\/?p=388"},"modified":"2024-07-10T18:45:53","modified_gmt":"2024-07-10T23:45:53","slug":"fallecio-maria-rostworowski-destacada-historiadora-peruana","status":"publish","type":"post","link":"https:\/\/intiyana.org\/blog\/2016\/03\/06\/fallecio-maria-rostworowski-destacada-historiadora-peruana\/","title":{"rendered":"FALLECI\u00d3 MAR\u00cdA ROSTWOROWSKI, DESTACADA HISTORIADORA PERUANA"},"content":{"rendered":"\n<p>El domingo 6 de marzo, a los 100 a\u00f1os de edad, falleci\u00f3 la etnohistoriadora Mar\u00eda Rostworowski Tovar de Diez Canseco, destacada investigadora autodidacta que dedic\u00f3 toda su vida a ampliar los saberes sobre el pasado andino del Per\u00fa.<\/p>\n\n\n\n<p>Dotada de una gran curiosidad intelectual, entre sus vastos aportes a la historia y la cultura del Per\u00fa, se encuentran sus contribuciones a los conocimientos sobre el mundo prehisp\u00e1nico, el desarrollo cultural de la costa peruana y el rol de la mujer.<\/p>\n\n\n\n<p>Mar\u00eda Rostworowski form\u00f3 parte del grupo de intelectuales que fund\u00f3 el Instituto de Estudios Peruanos (IEP) en el a\u00f1o 1964. Desde entonces el IEP ha sido el lugar desde donde realiz\u00f3 numerosas e invalorables investigaciones y publicaciones.<\/p>\n\n\n\n<p>La Asamblea de Asociados, el Consejo Directivo, la plana de investigadores y todos los colaboradores del IEP hicieron extensivas sus condolencias a sus familiares y amigos.<\/p>\n\n\n\n<p>En agosto de 2015, con ocasi\u00f3n de sus 100 a\u00f1os de vida, el IEP realiz\u00f3 una serie de actividades dedicadas a reflexionar sobre su trayectoria de vida, su trabajo acad\u00e9mico y sus aportes a la historia del pa\u00eds.<\/p>\n\n\n\n<p>Fuente: Servindi y Ciberayllu<br><\/p>\n","protected":false},"excerpt":{"rendered":"<p>El domingo 6 de marzo, a los 100 a\u00f1os de edad, falleci\u00f3 la etnohistoriadora Mar\u00eda Rostworowski Tovar de Diez Canseco, destacada investigadora autodidacta que dedic\u00f3 toda su vida a ampliar los saberes sobre el pasado andino del Per\u00fa. Dotada de una gran curiosidad intelectual, entre sus vastos aportes a la historia y la cultura del [&hellip;]<\/p>\n","protected":false},"author":1,"featured_media":408,"comment_status":"open","ping_status":"open","sticky":false,"template":"","format":"standard","meta":{"site-container-style":"default","site-container-layout":"default","site-sidebar-layout":"default","disable-article-header":"default","disable-site-header":"default","disable-site-footer":"default","disable-content-area-spacing":"default","footnotes":""},"categories":[5],"tags":[],"class_list":["post-388","post","type-post","status-publish","format-standard","has-post-thumbnail","hentry","category-noticias"],"_links":{"self":[{"href":"https:\/\/intiyana.org\/blog\/wp-json\/wp\/v2\/posts\/388","targetHints":{"allow":["GET"]}}],"collection":[{"href":"https:\/\/intiyana.org\/blog\/wp-json\/wp\/v2\/posts"}],"about":[{"href":"https:\/\/intiyana.org\/blog\/wp-json\/wp\/v2\/types\/post"}],"author":[{"embeddable":true,"href":"https:\/\/intiyana.org\/blog\/wp-json\/wp\/v2\/users\/1"}],"replies":[{"embeddable":true,"href":"https:\/\/intiyana.org\/blog\/wp-json\/wp\/v2\/comments?post=388"}],"version-history":[{"count":2,"href":"https:\/\/intiyana.org\/blog\/wp-json\/wp\/v2\/posts\/388\/revisions"}],"predecessor-version":[{"id":409,"href":"https:\/\/intiyana.org\/blog\/wp-json\/wp\/v2\/posts\/388\/revisions\/409"}],"wp:featuredmedia":[{"embeddable":true,"href":"https:\/\/intiyana.org\/blog\/wp-json\/wp\/v2\/media\/408"}],"wp:attachment":[{"href":"https:\/\/intiyana.org\/blog\/wp-json\/wp\/v2\/media?parent=388"}],"wp:term":[{"taxonomy":"category","embeddable":true,"href":"https:\/\/intiyana.org\/blog\/wp-json\/wp\/v2\/categories?post=388"},{"taxonomy":"post_tag","embeddable":true,"href":"https:\/\/intiyana.org\/blog\/wp-json\/wp\/v2\/tags?post=388"}],"curies":[{"name":"wp","href":"https:\/\/api.w.org\/{rel}","templated":true}]}}