{"id":384,"date":"2024-05-01T12:42:03","date_gmt":"2024-05-01T17:42:03","guid":{"rendered":"http:\/\/localhost\/blog\/?p=384"},"modified":"2024-07-10T22:21:08","modified_gmt":"2024-07-11T03:21:08","slug":"publican-libro-postumo-de-luis-guillermo-lumbreras-el-imperio-wari-del-origen-expansion-y-legado-del-imperio-milenario-que-hizo-posible-el-surgimiento-de-los-incas","status":"publish","type":"post","link":"https:\/\/intiyana.org\/blog\/2024\/05\/01\/publican-libro-postumo-de-luis-guillermo-lumbreras-el-imperio-wari-del-origen-expansion-y-legado-del-imperio-milenario-que-hizo-posible-el-surgimiento-de-los-incas\/","title":{"rendered":"PUBLICAN LIBRO P\u00d3STUMO DE LUIS GUILLERMO LUMBRERAS. EL IMPERIO WARI, DEL ORIGEN, EXPANSI\u00d3N Y LEGADO DEL IMPERIO MILENARIO QUE HIZO POSIBLE EL SURGIMIENTO DE LOS INCAS"},"content":{"rendered":"\n<p>El Imperio inca no apareci\u00f3 de la noche a la ma\u00f1ana y sus antecedentes est\u00e1n visibles a\u00fan en el propio Cusco, en los restos que hay de la presencia de Wari, y esto puede explicar la historia andina con m\u00e1s coherencia de la que se ha tenido hasta la actualidad. No es una hip\u00f3tesis suelta, muchas veces Luis G. Lumbreras la discuti\u00f3 con Mar\u00eda Rostworowski, con quien estuvieron siempre de acuerdo. Los t\u00e9rminos de este ensayo, en la forma en que ahora es presentado, fueron consultados con Julio Cotler, H\u00e9ctor Mart\u00ednez, An\u00edbal Quijano y Alberto Cheng, compa\u00f1eros de curso del autor, y luego con don Toribio Mej\u00eda y, sobre todo, Julio Espejo y Emilio Choy, a quienes Lumbreras les expresa su gratitud por sus comentarios y cr\u00edticas, pues fueron ellos quienes guiaron sus primeras aproximaciones al tema y los t\u00e9rminos de enfocar la historia. Este es el libro p\u00f3stumo de Luis G. Lumbreras, el intelectual peruano m\u00e1s importante de los \u00faltimos cincuenta a\u00f1os Este libro revolucionar\u00e1 todo lo que cre\u00edamos saber acerca de las culturas precolombinas que habitaron el territorio hoy conocido como Per\u00fa.<br><\/p>\n\n\n\n<figure class=\"wp-block-image aligncenter size-full\"><img loading=\"lazy\" decoding=\"async\" width=\"333\" height=\"333\" src=\"https:\/\/intiyana.org\/blog\/wp-content\/uploads\/2024\/07\/01-3.png\" alt=\"\" class=\"wp-image-420\"\/><\/figure>\n","protected":false},"excerpt":{"rendered":"<p>El Imperio inca no apareci\u00f3 de la noche a la ma\u00f1ana y sus antecedentes est\u00e1n visibles a\u00fan en el propio Cusco, en los restos que hay de la presencia de Wari, y esto puede explicar la historia andina con m\u00e1s coherencia de la que se ha tenido hasta la actualidad. No es una hip\u00f3tesis suelta, [&hellip;]<\/p>\n","protected":false},"author":1,"featured_media":400,"comment_status":"closed","ping_status":"closed","sticky":false,"template":"","format":"standard","meta":{"site-container-style":"default","site-container-layout":"default","site-sidebar-layout":"default","disable-article-header":"default","disable-site-header":"default","disable-site-footer":"default","disable-content-area-spacing":"default","footnotes":""},"categories":[5,6],"tags":[],"class_list":["post-384","post","type-post","status-publish","format-standard","has-post-thumbnail","hentry","category-noticias","category-publi"],"_links":{"self":[{"href":"https:\/\/intiyana.org\/blog\/wp-json\/wp\/v2\/posts\/384","targetHints":{"allow":["GET"]}}],"collection":[{"href":"https:\/\/intiyana.org\/blog\/wp-json\/wp\/v2\/posts"}],"about":[{"href":"https:\/\/intiyana.org\/blog\/wp-json\/wp\/v2\/types\/post"}],"author":[{"embeddable":true,"href":"https:\/\/intiyana.org\/blog\/wp-json\/wp\/v2\/users\/1"}],"replies":[{"embeddable":true,"href":"https:\/\/intiyana.org\/blog\/wp-json\/wp\/v2\/comments?post=384"}],"version-history":[{"count":2,"href":"https:\/\/intiyana.org\/blog\/wp-json\/wp\/v2\/posts\/384\/revisions"}],"predecessor-version":[{"id":421,"href":"https:\/\/intiyana.org\/blog\/wp-json\/wp\/v2\/posts\/384\/revisions\/421"}],"wp:featuredmedia":[{"embeddable":true,"href":"https:\/\/intiyana.org\/blog\/wp-json\/wp\/v2\/media\/400"}],"wp:attachment":[{"href":"https:\/\/intiyana.org\/blog\/wp-json\/wp\/v2\/media?parent=384"}],"wp:term":[{"taxonomy":"category","embeddable":true,"href":"https:\/\/intiyana.org\/blog\/wp-json\/wp\/v2\/categories?post=384"},{"taxonomy":"post_tag","embeddable":true,"href":"https:\/\/intiyana.org\/blog\/wp-json\/wp\/v2\/tags?post=384"}],"curies":[{"name":"wp","href":"https:\/\/api.w.org\/{rel}","templated":true}]}}