{"id":380,"date":"2024-05-02T12:40:21","date_gmt":"2024-05-02T17:40:21","guid":{"rendered":"http:\/\/localhost\/blog\/?p=380"},"modified":"2024-07-10T22:23:44","modified_gmt":"2024-07-11T03:23:44","slug":"presentan-libro-ines-huaylas-yupanqui-una-estrella-entre-dos-mundos-en-cusco","status":"publish","type":"post","link":"https:\/\/intiyana.org\/blog\/2024\/05\/02\/presentan-libro-ines-huaylas-yupanqui-una-estrella-entre-dos-mundos-en-cusco\/","title":{"rendered":"PRESENTAN LIBRO IN\u00c9S HUAYLAS YUPANQUI, UNA ESTRELLA ENTRE DOS MUNDOS EN CUSCO"},"content":{"rendered":"\n<p>La Direcci\u00f3n Desconcentrada de Cultura de Cusco a trav\u00e9s de la Subdirecci\u00f3n de Industrias Culturales y Artes y el \u00c1rea Funcional de Artes y Acceso a la Cultura, el viernes 26 de abril en el auditorio del Museo Hist\u00f3rico Regional, Casa del Inca Garcilaso present\u00f3 el libro \u201cIn\u00e9s Huaylas Yupanqui, una estrella entre dos mundos\u201d del escritor e investigador Roberto Rosario Vidal.<\/p>\n\n\n\n<p>El tema central de la novela hist\u00f3rica de Roberto Rosario gira en torno a In\u00e9s Huaylas Yupanqui (1515-1575), tal vez el personaje femenino m\u00e1s relevante durante la conquista del Per\u00fa. Nacida como Quispe Sisa en el imperio inkaico, fue una \u00f1usta o princesa inka, hermana de Hu\u00e1scar y Atahualpa, adem\u00e1s de ser la primera esposa de Francisco Pizarro.<\/p>\n\n\n\n<p>En la presentaci\u00f3n, el autor de la obra Roberto Rosario, agradeci\u00f3 a la Direcci\u00f3n de Cultura por brindarle el apoyo en la difusi\u00f3n de su obra e indic\u00f3: \u201che decidido dedicar una obra a un personaje de enorme dimensi\u00f3n que, por azares de la historia, no ha brillado como debiera hasta la publicaci\u00f3n del presente volumen. Esta novela nos muestra con lujo de detalles al personaje hist\u00f3rico que vir\u00f3 de hermana del inka a esposa del conquistador y que encarn\u00f3 la dif\u00edcil adaptaci\u00f3n al proceso nuevo, violento y desigual que constituy\u00f3 la formaci\u00f3n del virreinato peruano\u201d.<\/p>\n\n\n\n<figure class=\"wp-block-image aligncenter size-full is-resized\"><img loading=\"lazy\" decoding=\"async\" width=\"1500\" height=\"1000\" src=\"https:\/\/intiyana.org\/blog\/wp-content\/uploads\/2024\/07\/DSC_0074.jpg\" alt=\"\" class=\"wp-image-423\" style=\"width:726px;height:auto\"\/><\/figure>\n","protected":false},"excerpt":{"rendered":"<p>La Direcci\u00f3n Desconcentrada de Cultura de Cusco a trav\u00e9s de la Subdirecci\u00f3n de Industrias Culturales y Artes y el \u00c1rea Funcional de Artes y Acceso a la Cultura, el viernes 26 de abril en el auditorio del Museo Hist\u00f3rico Regional, Casa del Inca Garcilaso present\u00f3 el libro \u201cIn\u00e9s Huaylas Yupanqui, una estrella entre dos mundos\u201d [&hellip;]<\/p>\n","protected":false},"author":1,"featured_media":398,"comment_status":"closed","ping_status":"closed","sticky":false,"template":"","format":"standard","meta":{"site-container-style":"default","site-container-layout":"default","site-sidebar-layout":"default","disable-article-header":"default","disable-site-header":"default","disable-site-footer":"default","disable-content-area-spacing":"default","footnotes":""},"categories":[5,6],"tags":[],"class_list":["post-380","post","type-post","status-publish","format-standard","has-post-thumbnail","hentry","category-noticias","category-publi"],"_links":{"self":[{"href":"https:\/\/intiyana.org\/blog\/wp-json\/wp\/v2\/posts\/380","targetHints":{"allow":["GET"]}}],"collection":[{"href":"https:\/\/intiyana.org\/blog\/wp-json\/wp\/v2\/posts"}],"about":[{"href":"https:\/\/intiyana.org\/blog\/wp-json\/wp\/v2\/types\/post"}],"author":[{"embeddable":true,"href":"https:\/\/intiyana.org\/blog\/wp-json\/wp\/v2\/users\/1"}],"replies":[{"embeddable":true,"href":"https:\/\/intiyana.org\/blog\/wp-json\/wp\/v2\/comments?post=380"}],"version-history":[{"count":3,"href":"https:\/\/intiyana.org\/blog\/wp-json\/wp\/v2\/posts\/380\/revisions"}],"predecessor-version":[{"id":424,"href":"https:\/\/intiyana.org\/blog\/wp-json\/wp\/v2\/posts\/380\/revisions\/424"}],"wp:featuredmedia":[{"embeddable":true,"href":"https:\/\/intiyana.org\/blog\/wp-json\/wp\/v2\/media\/398"}],"wp:attachment":[{"href":"https:\/\/intiyana.org\/blog\/wp-json\/wp\/v2\/media?parent=380"}],"wp:term":[{"taxonomy":"category","embeddable":true,"href":"https:\/\/intiyana.org\/blog\/wp-json\/wp\/v2\/categories?post=380"},{"taxonomy":"post_tag","embeddable":true,"href":"https:\/\/intiyana.org\/blog\/wp-json\/wp\/v2\/tags?post=380"}],"curies":[{"name":"wp","href":"https:\/\/api.w.org\/{rel}","templated":true}]}}