{"id":10,"date":"2011-08-18T19:53:27","date_gmt":"2011-08-19T00:53:27","guid":{"rendered":"http:\/\/localhost\/blog\/?p=10"},"modified":"2024-07-08T22:17:18","modified_gmt":"2024-07-09T03:17:18","slug":"restos-de-queneto-en-pesimo-estado","status":"publish","type":"post","link":"https:\/\/intiyana.org\/blog\/2011\/08\/18\/restos-de-queneto-en-pesimo-estado\/","title":{"rendered":"RESTOS DE QUENETO EN P\u00c9SIMO ESTADO"},"content":{"rendered":"\n<p>Los restos l\u00edticos del sitio arqueol\u00f3gico Queneto, en la provincia de Vir\u00fa (La Libertad), fueron da\u00f1ados desde el 2010 con inscripciones de esmalte de color blanco y azul, su estado actual es p\u00e9simo ya que hasta la fecha no se han tomado ninguna de las medidas de restauraci\u00f3n, observ\u00e1ndose actualmente las inscripciones y dibujos de color blanco los cuales impiden apreciar los trazos originales.<\/p>\n\n\n\n<p>El sitio arqueol\u00f3gico Queneto es uno de los 15,000 sitios regionales declarados Patrimonio Cultural de la Naci\u00f3n, y en \u00e9l se han identificado restos de caminos, viviendas, petroglifos y cementerios con gran valor hist\u00f3rico.<br>Los restos se ubican en el valle de Vir\u00fa, departamento de La Libertad, en la quebrada de Queneto. Este territorio constituye una de las t\u00edpicas ensenadas de la parte alta de los valles costeros, constantemente modeladas por las aguas de aluviones que se llevan la arena y la tierra vegetal de la superficie, y la dejan cubierta de pedruscos de todos tama\u00f1os.<\/p>\n\n\n\n<p>Dado a conocer por Larco en 1932, encontr\u00e1ndose al interior de la quebrada restos de caminos ceremoniales, viviendas, petroglifos y cementerios, que nos testifican la constante actividad de estos parajes, hoy desolados.<\/p>\n","protected":false},"excerpt":{"rendered":"<p>Los restos l\u00edticos del sitio arqueol\u00f3gico Queneto, en la provincia de Vir\u00fa (La Libertad), fueron da\u00f1ados desde el 2010 con inscripciones de esmalte de color blanco y azul, su estado actual es p\u00e9simo ya que hasta la fecha no se han tomado ninguna de las medidas de restauraci\u00f3n, observ\u00e1ndose actualmente las inscripciones y dibujos de [&hellip;]<\/p>\n","protected":false},"author":1,"featured_media":349,"comment_status":"closed","ping_status":"closed","sticky":false,"template":"","format":"standard","meta":{"site-container-style":"default","site-container-layout":"default","site-sidebar-layout":"default","disable-article-header":"default","disable-site-header":"default","disable-site-footer":"default","disable-content-area-spacing":"default","footnotes":""},"categories":[5],"tags":[],"class_list":["post-10","post","type-post","status-publish","format-standard","has-post-thumbnail","hentry","category-noticias"],"_links":{"self":[{"href":"https:\/\/intiyana.org\/blog\/wp-json\/wp\/v2\/posts\/10","targetHints":{"allow":["GET"]}}],"collection":[{"href":"https:\/\/intiyana.org\/blog\/wp-json\/wp\/v2\/posts"}],"about":[{"href":"https:\/\/intiyana.org\/blog\/wp-json\/wp\/v2\/types\/post"}],"author":[{"embeddable":true,"href":"https:\/\/intiyana.org\/blog\/wp-json\/wp\/v2\/users\/1"}],"replies":[{"embeddable":true,"href":"https:\/\/intiyana.org\/blog\/wp-json\/wp\/v2\/comments?post=10"}],"version-history":[{"count":1,"href":"https:\/\/intiyana.org\/blog\/wp-json\/wp\/v2\/posts\/10\/revisions"}],"predecessor-version":[{"id":19,"href":"https:\/\/intiyana.org\/blog\/wp-json\/wp\/v2\/posts\/10\/revisions\/19"}],"wp:featuredmedia":[{"embeddable":true,"href":"https:\/\/intiyana.org\/blog\/wp-json\/wp\/v2\/media\/349"}],"wp:attachment":[{"href":"https:\/\/intiyana.org\/blog\/wp-json\/wp\/v2\/media?parent=10"}],"wp:term":[{"taxonomy":"category","embeddable":true,"href":"https:\/\/intiyana.org\/blog\/wp-json\/wp\/v2\/categories?post=10"},{"taxonomy":"post_tag","embeddable":true,"href":"https:\/\/intiyana.org\/blog\/wp-json\/wp\/v2\/tags?post=10"}],"curies":[{"name":"wp","href":"https:\/\/api.w.org\/{rel}","templated":true}]}}